{"id":1430,"date":"2019-03-10T09:30:47","date_gmt":"2019-03-10T08:30:47","guid":{"rendered":"https:\/\/www.ccpeine.de\/?p=1430"},"modified":"2024-09-24T15:40:09","modified_gmt":"2024-09-24T14:40:09","slug":"ullrich-it-consult-datenschutzerklaerung","status":"publish","type":"post","link":"https:\/\/www.ccpeine.de\/?p=1430","title":{"rendered":"Ullrich-IT-Consult &#8211; Datenschutzerkl\u00e4rung"},"content":{"rendered":"<p><span style=\"font-size: large;\"><b>Letzte \u00c4nderung: 24.09.2024<\/b><\/span><\/p>\n<hr \/>\n<p align=\"justify\"><span style=\"font-family: Verdana, sans-serif;\"><b>Ullrich-IT-Consult<\/b> (im Folgenden mit \u201e<b>wir<\/b>\u201c bezeichnet) nimmt den Schutz Ihrer pers\u00f6nlichen Daten sehr ernst. Wir verarbeiten Ihre Daten in \u00dcbereinstimmung mit den anwendbaren Rechtsvorschriften zum Schutz personenbezogener Daten, insbesondere der EU Datenschutz-Grundverordnung (EU-DSGVO) und den f\u00fcr uns geltenden landesspezifischen Ausf\u00fchrungsgesetzen. Mithilfe dieser Datenschutzerkl\u00e4rung informieren wir Sie umfassend \u00fcber die Verarbeitung Ihrer personenbezogenen Daten durch die Firma Ullrich-IT-Consult und die Ihnen zustehenden Rechte.<\/span><\/p>\n<p align=\"justify\"><span style=\"font-family: Verdana, sans-serif;\">Personenbezogene Daten sind dabei diejenigen Informationen, die eine Identifizierung einer nat\u00fcrlichen Person m\u00f6glich machen. Dazu geh\u00f6ren insbesondere Name, Geburtsdatum, Adresse, Telefonnummer, E-Mail-Adresse aber auch Ihre IP-Adresse. Anonyme Daten liegen vor, wenn keinerlei Personenbezug zum Nutzer hergestellt werden kann.<\/span><\/p>\n<p align=\"justify\"><strong><span style=\"font-family: Verdana, sans-serif;\">Verantwortliche Stelle und Datenschutzbeauftragter<\/span><\/strong><\/p>\n<p><span style=\"font-family: Verdana, sans-serif;\">Adresse: <b>Ullrich-IT-Consult<\/b> Inh.: Hans-J. Ullrich, Kreuzriethe 16, 31234 Abbensen<br \/>\n<\/span><\/p>\n<p><span style=\"font-family: Verdana, sans-serif;\">Kontaktinformation: <\/span><\/p>\n<p><span style=\"font-family: Verdana, sans-serif;\">Mail: <a href=\"mailto:kontakt@ccpeine.de\"><b>kontakt@ccpeine.de<\/b><\/a> \/ Tel.: <b>+49 <\/b><b>179 3666 059<\/b><\/span><\/p>\n<p><span style=\"font-family: Verdana, sans-serif;\">Kontakt des Datenschutzbeauftragten: <b><\/b><\/span><span style=\"font-family: Verdana, sans-serif;\"><b><a href=\"mailto:hans.ullrich@loop.de\">hans.ullrich@loop.de<\/a><br \/>\n<\/b><\/span><\/p>\n<hr \/>\n<p align=\"justify\"><strong><span style=\"font-family: Verdana, sans-serif;\">Ihre Rechte als betroffene Person<\/span><\/strong><\/p>\n<p align=\"justify\"><span style=\"font-family: Verdana, sans-serif;\">Zun\u00e4chst m\u00f6chten wir Sie an dieser Stelle \u00fcber Ihre Rechte als betroffene Person informieren. Diese Rechte sind in den Art. 15 &#8211; 22 EU-DSGVO normiert. Dies umfasst:<\/span><\/p>\n<ul>\n<li>\n<p align=\"justify\"><span style=\"font-family: Verdana, sans-serif;\"><b>Das Recht auf Auskunft (Art. 15 EU-DSGVO),<\/b><\/span><\/p>\n<\/li>\n<li>\n<p align=\"justify\"><span style=\"font-family: Verdana, sans-serif;\"><b>Das Recht auf L\u00f6schung (Art. 17 EU-DSGVO)<\/b>,<\/span><\/p>\n<\/li>\n<li>\n<p align=\"justify\"><span style=\"font-family: Verdana, sans-serif;\"><b>Das Recht auf Berichtigung (Art. 16 EU-DSGVO),<\/b><\/span><\/p>\n<\/li>\n<li>\n<p align=\"justify\"><span style=\"font-family: Verdana, sans-serif;\"><b>Das Recht auf Daten\u00fcbertragbarkeit (Art. 20 EU-DSGVO),<\/b><\/span><\/p>\n<\/li>\n<li>\n<p align=\"justify\"><span style=\"font-family: Verdana, sans-serif;\"><b>Das Recht auf Einschr\u00e4nkung der Datenverarbeitung (Art. 18 EU-DSGVO),<\/b><\/span><\/p>\n<\/li>\n<li>\n<p align=\"justify\"><span style=\"font-family: Verdana, sans-serif;\"><b>Das Widerspruchsrecht gegen die Datenverarbeitung (Art. 21 EU-DSGVO).<\/b><\/span><\/p>\n<\/li>\n<\/ul>\n<p align=\"justify\"><span style=\"font-family: Verdana, sans-serif;\">Um diese Rechte geltend zu machen, wenden Sie sich bitte an: <a href=\"mailto:kontakt@ccpeine.de\">kontakt@ccpeine.de<\/a> oder <\/span><a href=\"mailto:hans.ullrich@loop.de\"><span style=\"font-family: Verdana, sans-serif;\">hans.ullrich@loop.de<\/span><\/a><span style=\"font-family: Verdana, sans-serif;\">. Gleiches gilt, wenn Sie Fragen zur Datenverarbeitung in unserem Unternehmen haben. Ihnen steht zudem ein Beschwerderecht an eine Datenschutzaufsichtsbeh\u00f6rde zu.<\/span><\/p>\n<hr \/>\n<p><strong><span style=\"font-family: Verdana, sans-serif;\">Widerspruchsrechte<\/span><\/strong><\/p>\n<p align=\"justify\"><span style=\"font-family: Verdana, sans-serif;\">Bitte beachten Sie im Zusammenhang mit Widerspruchsrechten folgendes:<\/span><\/p>\n<p align=\"justify\"><span style=\"font-family: Verdana, sans-serif;\">Wenn wir Ihre personenbezogenen Daten zum Zwecke der Direktwerbung verarbeiten, haben Sie das Recht, dieser Datenverarbeitung jederzeit ohne Angaben von Gr\u00fcnden zu widersprechen. Dies gilt auch f\u00fcr ein Profiling, soweit es mit der Direktwerbung in Verbindung steht.<\/span><\/p>\n<p align=\"justify\"><span style=\"font-family: Verdana, sans-serif;\">Wenn Sie der Verarbeitung f\u00fcr Zwecke der Direktwerbung widersprechen, so werden wir Ihre personenbezogenen Daten nicht mehr f\u00fcr diese Zwecke verarbeiten. Der Widerspruch ist kostenlos und kann formfrei erfolgen, m\u00f6glichst an: <\/span><span style=\"font-family: Verdana, sans-serif;\"><a href=\"mailto:kontakt@ccpeine.de\">kontakt@ccpeine.de<\/a>, alternativ <a href=\"mailto:hans.ullrich@loop.de\">hans.ullrich@loop.de<\/a>.<\/span><\/p>\n<p align=\"justify\"><span style=\"font-family: Verdana, sans-serif;\">F\u00fcr den Fall, dass wir Ihre Daten zur Wahrung berechtigter Interessen verarbeiten, k\u00f6nnen Sie dieser Verarbeitung aus Gr\u00fcnden, die sich aus Ihrer besonderen Situation ergeben, jederzeit widersprechen; dies gilt auch f\u00fcr ein auf diese Bestimmungen gest\u00fctztes Profiling.<\/span><\/p>\n<p align=\"justify\"><span style=\"font-family: Verdana, sans-serif;\">Wir verarbeiten Ihre personenbezogenen Daten dann nicht mehr, es sei denn, wir k\u00f6nnen zwingende schutzw\u00fcrdige Gr\u00fcnde f\u00fcr die Verarbeitung nachweisen, die Ihre Interessen, Rechte und Freiheiten \u00fcberwiegen oder die Verarbeitung dient der Geltendmachung, Aus\u00fcbung oder Verteidigung von Rechtsanspr\u00fcchen.<\/span><\/p>\n<hr \/>\n<p align=\"justify\"><strong><span style=\"font-family: Verdana, sans-serif;\">Zwecke und Rechtsgrundlagen der Datenverarbeitung<\/span><\/strong><\/p>\n<p align=\"justify\"><span style=\"font-family: Verdana, sans-serif;\">Bei der Verarbeitung Ihrer personenbezogenen Daten werden die Bestimmungen der EU-DSGVO und alle sonstigen geltenden datenschutzrechtlichen Bestimmungen eingehalten. Rechtsgrundlagen f\u00fcr die Datenverarbeitung ergeben sich insbesondere aus Art. 6 EU-DSGVO.<\/span><\/p>\n<p align=\"justify\"><span style=\"font-family: Verdana, sans-serif;\">Wir verwenden Ihre Daten zur Gesch\u00e4ftsanbahnung, zur Erf\u00fcllung vertraglicher und gesetzlicher Pflichten, zur Durchf\u00fchrung des Vertragsverh\u00e4ltnisses, zum Anbieten von Produkten und Dienstleistungen sowie zur St\u00e4rkung der Kundenbeziehung, was auch Analysen zu Marketingzwecken, Kundenzufriedenheitsbefragungen und Direktwerbung beinhalten kann.<\/span><\/p>\n<p align=\"justify\"><span style=\"font-family: Verdana, sans-serif;\">Ihre Einwilligung stellt ebenfalls eine datenschutzrechtliche Erlaubnisvorschrift dar. Hierbei kl\u00e4ren wir Sie \u00fcber die Zwecke der Datenverarbeitung und \u00fcber Ihr Widerrufsrecht auf. Sollte sich die Einwilligung auch auf die Verarbeitung besonderer Kategorien von personenbezogenen Daten beziehen, werden wir Sie in der Einwilligung ausdr\u00fccklich darauf hinweisen, Art. 88 Abs. 1 EU-DSGVO.<\/span><\/p>\n<p align=\"justify\"><span style=\"font-family: Verdana, sans-serif;\">Eine Verarbeitung besonderer Kategorien personenbezogener Daten i.S.v. Art. 9 Absatz 1 EU-DSGVO erfolgt nur dann, wenn dies aufgrund rechtlicher Vorschriften erforderlich ist und kein Grund zu der Annahme besteht, dass Ihr schutzw\u00fcrdiges Interesse an dem Ausschluss der Verarbeitung \u00fcberwiegt, Art. 88 Abs. 1 EU-DSGVO.<\/span><\/p>\n<hr \/>\n<p align=\"justify\"><strong><span style=\"font-family: Verdana, sans-serif;\">Weitergabe an Dritte<\/span><\/strong><\/p>\n<p align=\"justify\"><span style=\"font-family: Verdana, sans-serif;\">Wir werden Ihre Daten nur im Rahmen der gesetzlichen Bestimmungen oder bei entsprechender Einwilligung an Dritte weitergeben. Ansonsten erfolgt eine Weitergabe an Dritte nicht, es sei denn wir sind hierzu aufgrund zwingender Rechtsvorschriften dazu verpflichtet (Weitergabe an externe Stellen wie z.B. Aufsichtsbeh\u00f6rden oder Strafverfolgungsbeh\u00f6rden).<\/span><\/p>\n<hr \/>\n<p><strong><span style=\"font-family: Verdana, sans-serif;\">Empf\u00e4nger der Daten \/ Kategorien von Empf\u00e4ngern<\/span><\/strong><\/p>\n<p align=\"justify\"><span style=\"font-family: Verdana, sans-serif;\">Innerhalb unseres Unternehmens stellen wir sicher, dass nur diejenigen Personen Ihre Daten erhalten, die diese zur Erf\u00fcllung der vertraglichen und gesetzlichen Pflichten ben\u00f6tigen.<\/span><\/p>\n<p align=\"justify\"><span style=\"font-family: Verdana, sans-serif;\">Durch unsere Webseite kommen Dienstleistungen mit der &#8222;<strong>Ullrich-IT-Consult<\/strong>&#8220; zustande.<\/span><\/p>\n<p align=\"justify\"><span style=\"font-family: Verdana, sans-serif;\">Im Zuge von K\u00e4ufen und Anfragen kann es vorkommen, dass weitere Unternehmen einbezogen werden. Ein Beispiel ist eine Anfrage nach einer Bestellung von Material in Ihrem Auftrag und mit Ihren Adressdaten.<\/span><\/p>\n<p align=\"justify\"><span style=\"font-family: Verdana, sans-serif;\">In manchen F\u00e4llen unterst\u00fctzen Dienstleister unsere Fachabteilungen bei der Erf\u00fcllung ihrer Aufgaben, z.B. bei der Datenrettung. Mit allen Dienstleistern wurde das notwendige datenschutzrechtliche Vertragswerk abgeschlossen.<\/span><\/p>\n<hr \/>\n<p><strong><span style=\"font-family: Verdana, sans-serif;\">Drittland\u00fcbermittlung \/ Drittlands\u00fcbermittlungsabsicht<\/span><\/strong><\/p>\n<p align=\"justify\"><span style=\"font-family: Verdana, sans-serif;\">Eine Daten\u00fcbermittlung in Drittstaaten (L\u00e4nder au\u00dferhalb der Europ\u00e4ischen Union bzw. des Europ\u00e4ischen Wirtschaftsraums) findet nur statt, soweit dies gesetzlich vorgeschrieben ist oder Sie uns dazu Ihre Einwilligung erteilt haben oder wenn dies zur Durchf\u00fchrung des Schuldverh\u00e4ltnisses erforderlich ist.<\/span><\/p>\n<hr \/>\n<p align=\"justify\"><strong><span style=\"font-family: Verdana, sans-serif;\">Speicherdauer der Daten<\/span><\/strong><\/p>\n<p align=\"justify\"><span style=\"font-family: Verdana, sans-serif;\">Wir speichern Ihre Daten solange diese f\u00fcr den jeweiligen Verarbeitungszweck ben\u00f6tigt werden. Bitte beachten Sie, dass zahlreiche Aufbewahrungsfristen bedingen, dass Daten weiterhin gespeichert werden (m\u00fcssen). Dies betrifft insbesondere handelsrechtliche oder steuerrechtliche Aufbewahrungspflichten (z.B. Handelsgesetzbuch, Abgabenordnung, etc.). Sofern keine weitergehenden Aufbewahrungspflichten bestehen, werden die Daten nach Zweckerreichung routinem\u00e4\u00dfig gel\u00f6scht.<\/span><\/p>\n<p align=\"justify\"><span style=\"font-family: Verdana, sans-serif;\">Hinzu kommt, dass wir Daten aufbewahren k\u00f6nnen, wenn Sie uns hierf\u00fcr Ihre Erlaubnis erteilt haben oder wenn es zu rechtlichen Auseinandersetzungen kommt und wir Beweismittel im Rahmen gesetzlicher Verj\u00e4hrungsfristen nutzen, die bis zu drei\u00dfig Jahre betragen k\u00f6nnen; die regelm\u00e4\u00dfige Verj\u00e4hrungsfrist betr\u00e4gt f\u00fcnf Jahre.<\/span><\/p>\n<hr \/>\n<p align=\"justify\"><strong><span style=\"font-family: Verdana, sans-serif;\">Sichere \u00dcbertragung Ihrer Daten<\/span><\/strong><\/p>\n<p align=\"justify\"><span style=\"font-family: Verdana, sans-serif;\">Um die bei uns gespeicherten Daten bestm\u00f6glich gegen zuf\u00e4llige oder vors\u00e4tzliche Manipulationen, Verlust, Zerst\u00f6rung oder den Zugriff unberechtigter Personen zu sch\u00fctzen, setzen wir entsprechende technische und organisatorische Sicherheitsma\u00dfnahmen ein. Die Sicherheitslevel werden in Zusammenarbeit mit Sicherheitsexperten laufend \u00fcberpr\u00fcft und an neue Sicherheitsstandards angepasst.<\/span><\/p>\n<hr \/>\n<p align=\"justify\"><strong><span style=\"font-family: Verdana, sans-serif;\">Verpflichtung zur Bereitstellung der Daten<\/span><\/strong><\/p>\n<p align=\"justify\"><span style=\"font-family: Verdana, sans-serif;\">Diverse personenbezogene Daten sind f\u00fcr die Begr\u00fcndung, Durchf\u00fchrung und Beendigung des Schuldverh\u00e4ltnisses und der Erf\u00fcllung der damit verbundenen vertraglichen und gesetzlichen Pflichten notwendig. <\/span><\/p>\n<p align=\"justify\"><span style=\"font-family: Verdana, sans-serif;\">Details dazu haben wir im o.g. Punkt f\u00fcr Sie zusammengefasst. In bestimmten F\u00e4llen m\u00fcssen Daten auch aufgrund gesetzlicher Bestimmungen erhoben bzw. zur Verf\u00fcgung gestellt werden. Bitte beachten Sie, dass eine Bearbeitung Ihrer Anfrage oder die Durchf\u00fchrung des zugrundeliegenden Schuldverh\u00e4ltnisses ohne Bereitstellung dieser Daten nicht m\u00f6glich ist.<\/span><\/p>\n<hr \/>\n<p align=\"justify\"><strong><span style=\"font-family: Verdana, sans-serif;\">Kategorien, Quellen und Herkunft der Daten<\/span><\/strong><\/p>\n<p align=\"justify\"><span style=\"font-family: Verdana, sans-serif;\">Welche Daten wir verarbeiten, bestimmt der jeweilige Kontext: Dies h\u00e4ngt davon ab, ob Sie z.B. online eine Bestellung abgeben oder eine Anfrage in unser Kontaktformular eingeben, ob Sie uns eine Bewerbung zukommen lassen oder eine Reklamation einreichen.<\/span><\/p>\n<p align=\"justify\"><span style=\"font-family: Verdana, sans-serif;\">Bitte beachten Sie, dass wir Informationen f\u00fcr besondere Verarbeitungssituationen gegebenenfalls auch gesondert an geeigneter Stelle zur Verf\u00fcgung stellen, z.B. beim Upload von Bewerbungsunterlagen oder bei einer Kontaktanfrage.<\/span><\/p>\n<hr \/>\n<p align=\"justify\"><strong><span style=\"font-family: Verdana, sans-serif;\">(Aktuell nicht aktiv) <\/span><\/strong><strong><span style=\"font-family: Verdana, sans-serif;\">Beim Besuch unserer Webseite erheben und verarbeiten wir folgende Daten:<\/span><\/strong><\/p>\n<p align=\"justify\"><span style=\"font-family: Verdana, sans-serif;\">Beim Besuch dieser Webseite \u00fcbertr\u00e4gt Ihr Browser folgende Arten von Daten, welche bei uns gespeichert werden:<\/span><\/p>\n<ul>\n<li>\n<p align=\"justify\"><span style=\"font-family: Verdana, sans-serif;\"><b>den Browsertyp,<\/b><\/span><\/p>\n<\/li>\n<li>\n<p align=\"justify\"><span style=\"font-family: Verdana, sans-serif;\"><b>die IP-Adresse des zugreifenden Rechners,<\/b><\/span><\/p>\n<\/li>\n<li>\n<p align=\"justify\"><span style=\"font-family: Verdana, sans-serif;\"><b>die Serveranfragen (z.B. Seitenaufrufe) samt Zeitpunkt und<\/b><\/span><\/p>\n<\/li>\n<li>\n<p align=\"justify\"><span style=\"font-family: Verdana, sans-serif;\"><b>die Referrer-URL (d.h. die Adresse der zuvor besuchten Webseite, falls Sie durch Bet\u00e4tigen eines Hyperlinks von dort auf unsere Webseite gelangt sind).<\/b><\/span><\/p>\n<\/li>\n<\/ul>\n<p align=\"justify\"><span style=\"font-family: Verdana, sans-serif;\">Diese ersten drei Datentypen sind technisch erforderlich, um Ihnen die aufgerufenen Seiten dieser Webseite richtig darzustellen. Daneben k\u00f6nnen sie bei Bedarf dazu verwendet werden, den sicheren Betrieb dieser Webseite aufrecht zu erhalten (z.B. zur Abwehr von Hacking-Versuchen). Die Referrer-URL wird in anonymisierter Form f\u00fcr statistische Zwecke verwendet. Aus Gr\u00fcnden der technischen Sicherheit und insbesondere zur Abwehr von Angriffsversuchen auf unseren Webserver wird diese Art von Daten gem\u00e4\u00df Art. 6 Absatz 1 lit. f EU-DSGVO f\u00fcr eine bestimmte Dauer ebenfalls gespeichert.<\/span><\/p>\n<hr \/>\n<p align=\"justify\"><strong><span style=\"font-family: Verdana, sans-serif;\">Im Rahmen einer Kontaktanfrage erheben und verarbeiten wir folgende Daten:<\/span><\/strong><\/p>\n<p align=\"justify\"><span style=\"font-family: Verdana, sans-serif;\">Mit Hilfe unserer Webseite k\u00f6nnen Sie verschiedenartige Anfragen an uns stellen, z.B. um eine Dienstleistung zu bestellen. Daf\u00fcr stehen eine Bitte um R\u00fcckruf und eine E-Mail-artige Nachricht zur Auswahl.<\/span><\/p>\n<p align=\"justify\"><span style=\"font-family: Verdana, sans-serif;\">Ein Kontaktformular dient jeweils dazu, die zum Kommunizieren notwendigen Kontaktdaten (z.B. Name, Telefonnummer oder E-Mail-Adresse) zu erfassen und den Inhalt Ihrer Nachricht aufzunehmen. Diese Daten werden f\u00fcr das Kundenbeziehungsmanagement (Kontaktverlauf) und zum Beantworten\/ Erf\u00fcllen Ihres Anliegens verwendet.<\/span><\/p>\n<hr \/>\n<p align=\"justify\"><strong><span style=\"font-family: Verdana, sans-serif;\">(Aktuell nicht aktiv) Im Rahmen des Bestellvorgangs verarbeiten wir folgende Daten:<\/span><\/strong><\/p>\n<p align=\"justify\"><span style=\"font-family: Verdana, sans-serif;\">In dem Webshop, welcher in diese Webseite integriert ist, k\u00f6nnen Sie als Unternehmen (Gesch\u00e4ftskunde) Produkte rund um Informationstechnik bestellen.<\/span><\/p>\n<p align=\"justify\"><span style=\"font-family: Verdana, sans-serif;\">Zur Auftragsabwicklung werden Kontaktdaten, Ihre Rechnungs-\/Lieferanschrift und Bezahldaten (Kontoverbindung oder \u00c4hnliches) ben\u00f6tigt.<\/span><\/p>\n<p align=\"justify\"><span style=\"font-family: Verdana, sans-serif;\">Im Zuge von Bestellungen k\u00f6nnen unter Umst\u00e4nden Bonit\u00e4tspr\u00fcfungen durchgef\u00fchrt werden. Einzelheiten hierzu werden Ihnen w\u00e4hrend des Bestellvorgangs angezeigt. Nur wenn Sie hierzu einwilligen, werden wir Ihre Bonit\u00e4t pr\u00fcfen lassen.<\/span><\/p>\n<hr \/>\n<p align=\"justify\"><strong><span style=\"font-family: Verdana, sans-serif;\">(Aktuell nicht aktiv) Bei Online-Bewerbungen erheben und verarbeiten wir folgende Daten:<\/span><\/strong><\/p>\n<ul>\n<li><span style=\"font-family: Verdana, sans-serif;\"><b>Stammdaten (z.B. Name, Namenszus\u00e4tze, Geburtsdatum, ggf. Titel),<\/b><\/span><\/li>\n<li><span style=\"font-family: Verdana, sans-serif;\"><b>Kontaktdaten (postalische Anschrift, Telefonnummer, Emailadresse) ,<\/b><\/span><\/li>\n<li><span style=\"font-family: Verdana, sans-serif;\"><b>Qualifikations- und Ausbildungsdaten (z.B. Lebenslauf, Zeugnisse),<\/b><\/span><\/li>\n<li><span style=\"font-family: Verdana, sans-serif;\"><b>Je nach Stellenausschreibung gegebenenfalls auch Angaben zu Sprach- und IT-Kenntnissen, zur Arbeits- und Fahrerlaubnis bzw. zum Aufenthaltstitel.<\/b><\/span><\/li>\n<\/ul>\n<p align=\"justify\"><span style=\"font-family: Verdana, sans-serif;\">Daneben erheben und verarbeiten wir diverse weitere (freiwillige) Angaben wie z.B. fr\u00fchestes Eintrittsdatum, regionale Mobilit\u00e4t, gew\u00fcnschte Stundenzahl und Einsatzdauer, fr\u00fchere Besch\u00e4ftigungen bei Ullrich-IT-Consult, Angaben zu Ihrem sozialen Engagement oder Informationen dar\u00fcber, wie Sie auf die Stelle aufmerksam geworden sind. Auf freiwilliger Basis besteht auch die M\u00f6glichkeit, bewerbungsrelevante Angaben \u00fcber das jeweilige eigene Profil bei sozialen Netzwerken in unser Portal hochzuladen.<\/span><\/p>\n<p align=\"justify\"><span style=\"font-family: Verdana, sans-serif;\">Um die Sicherheit und Vertraulichkeit Ihrer Daten bestm\u00f6glich zu sch\u00fctzen, setzen wir entsprechende Sicherheitsma\u00dfnahmen um. Ihre Bewerbungsunterlagen werden durch unser Bewerbungssystem verschl\u00fcsselt an uns \u00fcbertragen. Die Vorkehrungen zur Datensicherung entsprechen dabei stets dem aktuellen Stand der Technik.<\/span><\/p>\n<p align=\"justify\"><span style=\"font-family: Verdana, sans-serif;\">Wir speichern Ihre Daten im Bewerbungsverfahren im Einklang mit geltendem Recht und l\u00f6schen diese nach sp\u00e4testens sechs Monaten. Eine Aufbewahrung der Daten dar\u00fcber hinaus erfolgt nur in den F\u00e4llen, in denen wir hierzu verpflichtet oder berechtigt sind, z.B. wenn Sie uns die Erlaubnis erteilt haben, Ihre Daten f\u00fcr eine bestimmte, l\u00e4ngere Dauer zu speichern oder zur Rechtsaus\u00fcbung.<\/span><\/p>\n<p align=\"justify\"><span style=\"font-family: Verdana, sans-serif;\">Vorschriften, die uns zur Aufbewahrung verpflichten, finden sich beispielsweise im Handelsgesetzbuch oder in der Abgabenordnung. Zudem sind Verj\u00e4hrungsfristen zu beachten. Weitere Informationen finden Sie in der Datenschutzerkl\u00e4rung im Rahmen des Bewerbungsprozesses.<\/span><\/p>\n<hr \/>\n<p align=\"justify\"><strong><span style=\"font-family: Verdana, sans-serif;\">Bei Newslettern erheben und verarbeiten wir folgende Daten:<\/span><\/strong><\/p>\n<ul>\n<li><span style=\"font-family: Verdana, sans-serif;\"><b>Anrede<\/b><\/span><\/li>\n<li><span style=\"font-family: Verdana, sans-serif;\"><b>Name, Vorname,<\/b><\/span><\/li>\n<li><span style=\"font-family: Verdana, sans-serif;\"><b>E-Mail-Adresse.<\/b><\/span><\/li>\n<li><span style=\"font-family: Verdana, sans-serif;\"><b>Zu statistischen Zwecken f\u00fchren wir zudem anonymisiertes Link-Tracking durch.<\/b><\/span><\/li>\n<\/ul>\n<hr \/>\n<p align=\"justify\"><strong><span style=\"font-family: Verdana, sans-serif;\">(Aktuell nicht aktiv) Automatisierte Einzelfallentscheidungen <\/span><\/strong><\/p>\n<p align=\"justify\"><span style=\"font-family: Verdana, sans-serif;\">Bitte beachten Sie, dass wir generell keine rein automatisierten Verarbeitungsprozesse zur Herbeif\u00fchrung einer Entscheidung nutzen.<\/span><\/p>\n<hr \/>\n<p><strong><span style=\"font-family: Verdana, sans-serif;\">Kontaktformular \/ Kontaktaufnahme per E-Mail oder Telefon<\/span><\/strong><\/p>\n<p align=\"justify\"><span style=\"font-family: Verdana, sans-serif;\">Auf unserer Webseite ist ein Kontaktformular vorhanden, das f\u00fcr die elektronische Kontaktaufnahme genutzt werden kann. Wenn Sie uns \u00fcber das Kontaktformular schreiben, verarbeiten wir Ihre im Rahmen des Kontaktformulars angegebenen Daten zur Kontaktaufnahme und Beantwortung Ihrer Fragen und W\u00fcnsche.<\/span><\/p>\n<p align=\"justify\"><span style=\"font-family: Verdana, sans-serif;\">Hierbei wird der Grundsatz der Datensparsamkeit und Datenvermeidung beachtet, indem Sie nur die Daten angeben m\u00fcssen, die wir zwingend zur Kontaktaufnahme von Ihnen ben\u00f6tigen. Dies sind Ihre E-Mail-Adresse sowie das Nachrichtenfeld selbst.<\/span><\/p>\n<p align=\"justify\"><span style=\"font-family: Verdana, sans-serif;\">Zudem wird aus Gr\u00fcnden der technischen Sicherheit und zur Abwehr etwaiger Angriffsversuche Ihre IP-Adresse verarbeitet. Alle \u00fcbrigen Daten sind freiwillige Felder und k\u00f6nnen optional (z.B. zur individuelleren Beantwortung ihrer Fragen) angegeben werden.<\/span><\/p>\n<hr \/>\n<p align=\"justify\"><span style=\"font-family: Verdana, sans-serif;\"><b>E<\/b><b>-Mail-Kontakt<\/b><\/span><\/p>\n<p align=\"justify\"><span style=\"font-family: Verdana, sans-serif;\">Sofern Sie sich per E-Mail an uns wenden, werden wir die in der E-Mail mitgeteilten personenbezogenen Daten allein zum Zweck der Bearbeitung Ihrer Anfrage verarbeiten.<\/span><\/p>\n<hr \/>\n<p align=\"justify\"><strong><span style=\"font-family: Verdana, sans-serif;\">Newsletter (Art. 6 Abs. 1 lit. a EU-DSGVO)<\/span><\/strong><\/p>\n<p align=\"justify\"><span style=\"font-family: Verdana, sans-serif;\">Es kann ein kostenfreier Newsletter (siehe Dokument &#8222;<strong>UIT-DSGVO-Genehmigung.pdf<\/strong>&#8222;) abonniert werden. Die bei der Newsletter-Anmeldung angegebene E-Mail-Adresse sowie Ihr Name werden f\u00fcr den Versand des personalisierten Newsletters verwendet.<\/span><\/p>\n<p align=\"justify\"><span style=\"font-family: Verdana, sans-serif;\">Hierbei wird der Grundsatz der Datensparsamkeit und Datenvermeidung beachtet, da als Pflichtfeld nur die E-Mail-Adresse und Ihr Name zur Personalisierung gekennzeichnet sind. Aus technischer Notwendigkeit sowie zur rechtlichen Absicherung wird bei Bestellung des Newsletters auch Ihre IP-Adresse verarbeitet<\/span><\/p>\n<p align=\"justify\"><span style=\"font-family: Verdana, sans-serif;\">Sie k\u00f6nnen selbstverst\u00e4ndlich das Abonnement jederzeit \u00fcber die im Newsletter vorgesehene Abmeldem\u00f6glichkeit beenden und somit Ihre Einwilligung widerrufen. <\/span><\/p>\n<hr \/>\n<p align=\"justify\"><strong><span style=\"font-family: Verdana, sans-serif;\">(Aktuell nicht aktiv) Webshop (Art. 6 Abs. 1 lit. b EU-DSGVO)<\/span><\/strong><\/p>\n<p align=\"justify\"><span style=\"font-family: Verdana, sans-serif;\">Wir verarbeiten die von Ihnen im Rahmen des Bestellformulars angegebenen Daten nur zur Durchf\u00fchrung bzw. Abwicklung des Vertragsverh\u00e4ltnisses, sofern Sie nicht einer weiteren Verwendung zustimmen.<\/span><\/p>\n<p align=\"justify\"><span style=\"font-family: Verdana, sans-serif;\">Der Grundsatz der Datensparsamkeit und Datenvermeidung wird beachtet, indem Sie uns nur die Daten angeben m\u00fcssen, die wir zwingend zur Durchf\u00fchrung des Vertrages bzw. zur Erf\u00fcllung unserer vertraglichen Pflichten ben\u00f6tigen (also Ihren Namen, Adresse, E-Mail-Adresse sowie die jeweils f\u00fcr die gew\u00e4hlte Zahlungsart ben\u00f6tigten Zahlungsdaten) oder zu deren Erhebung wir gesetzlich verpflichtet sind.<\/span><\/p>\n<p align=\"justify\"><span style=\"font-family: Verdana, sans-serif;\">Zudem wird aus technischer Notwendigkeit sowie zur rechtlichen Absicherung Ihre IP-Adresse verarbeitet. Ohne diese Daten werden wir den Abschluss des Vertrages leider ablehnen m\u00fcssen, da wir diesen dann nicht durchf\u00fchren k\u00f6nnen oder einen bestehenden Vertrag ggf. beenden m\u00fcssen. Selbstverst\u00e4ndlich k\u00f6nnen Sie von sich aus auch noch mehr Daten angeben, wenn Sie dies m\u00f6chten.<\/span><\/p>\n<hr \/>\n<p><strong><span style=\"font-family: Verdana, sans-serif;\">(Aktuell nicht aktiv) Registrierung \/ Kundenkonto (Art. 6 Abs. 1 lit. a, b EU-DSGVO)<\/span><\/strong><\/p>\n<p align=\"justify\"><span style=\"font-family: Verdana, sans-serif;\">Auf unserer Internetseite bieten wir Nutzern die M\u00f6glichkeit an, sich unter Angabe pers\u00f6nlicher Daten zu registrieren. Der Vorteil ist, dass Sie insbesondere die Bestellhistorie einsehen k\u00f6nnen und Ihre angegebenen Daten f\u00fcr das Bestellformular gespeichert werden. Bei einer erneuten Bestellung, m\u00fcssen Sie diese also nicht nochmal erneut eingeben.<\/span><\/p>\n<p align=\"justify\"><span style=\"font-family: Verdana, sans-serif;\">Die Registrierung ist also entweder zur Erf\u00fcllung eines Vertrages (\u00fcber unseren Online-Shop) mit Ihnen oder zur Durchf\u00fchrung vorvertraglicher Ma\u00dfnahmen erforderlich.<\/span><\/p>\n<p align=\"justify\"><span style=\"font-family: Verdana, sans-serif;\">Hierbei wird der Grundsatz der Datensparsamkeit und Datenvermeidung beachtet, da nur die f\u00fcr die Registrierung notwendigen Daten als Pflichtfeld mit einem Stern (*) gekennzeichnet sind. Dies sind z.B. die E-Mail-Adresse sowie Passwort inklusive Passwortwiederholung.<\/span><\/p>\n<p align=\"justify\"><span style=\"font-family: Verdana, sans-serif;\">F\u00fcr die Bestellung in unserem Online-Shop ben\u00f6tigen wir zur Auslieferung zudem Angaben zur Rechnungsanschrift (Anrede, Vorname, Nachname, Anschrift). Sollte die Lieferanschrift von der Rechnungsanschrift abweichen, sind zudem zus\u00e4tzlich obige Angaben f\u00fcr die Lieferanschrift anzugeben.<\/span><\/p>\n<p align=\"justify\"><span style=\"font-family: Verdana, sans-serif;\">Durch eine Registrierung auf unserer Internetseite werden zudem die IP-Adresse des Nutzers, das Datum sowie die Uhrzeit der Registrierung gespeichert (technische Hintergrunddaten). Mit Ausl\u00f6sen des Buttons \u201eJetzt registrieren\u201c geben Sie die Einwilligung zur Verarbeitung Ihrer Daten.<\/span><\/p>\n<p align=\"justify\"><span style=\"font-family: Verdana, sans-serif;\">Bitte beachten Sie: Das von Ihnen vergebene Passwort wird bei uns verschl\u00fcsselt gespeichert. Mitarbeiter und Mitarbeiterinnen von unserem Unternehmen k\u00f6nnen dieses Passwort nicht lesen. Sie k\u00f6nnen Ihnen daher keine Auskunft geben, sollten Sie Ihr Passwort vergessen haben.<\/span><\/p>\n<p align=\"justify\"><span style=\"font-family: Verdana, sans-serif;\">Nutzen Sie in diesem Fall die Funktion \u201ePasswort vergessen\u201c, mit der Ihnen ein automatisiert erzeugtes neues Passwort per E-Mail zugesandt wird. Kein Mitarbeiter\/keine Mitarbeiterin ist berechtigt, von Ihnen telefonisch oder schriftlich Ihr Passwort abzufragen. Bitte nennen Sie daher nie Ihr Passwort, falls Ihnen derartige Anfragen zugehen.<\/span><\/p>\n<p align=\"justify\"><span style=\"font-family: Verdana, sans-serif;\">Mit Abschluss des Registrierungsvorgangs sind Ihre Daten bei uns zur Verwendung des gesch\u00fctzten Kundenbereichs hinterlegt. Sobald Sie sich auf unserer Internetseite mit E-Mail-Adresse als Benutzernamen und Passwort anmelden, werden diese Daten f\u00fcr von Ihnen durchgef\u00fchrte Aktionen auf unserer Internetseite bereitgestellt (z.B. f\u00fcr Bestellungen in unserem Online-Shop). Ausgef\u00fchrte Bestellungen k\u00f6nnen in der Bestellhistorie nachvollzogen werden. \u00c4nderungen der Rechnungs- oder Lieferadresse k\u00f6nnen Sie hier angeben.<\/span><\/p>\n<p align=\"justify\"><span style=\"font-family: Verdana, sans-serif;\">Registrierten Personen steht die M\u00f6glichkeit frei, \u00c4nderungen \/ Berichtigungen der Rechnungs- oder Lieferadresse in der Bestellhistorie selbst\u00e4ndig durchzuf\u00fchren. \u00c4nderungen \/ Berichtigungen f\u00fchrt auch gerne unser Kundenservice durch, wenn Sie sich mit diesem in Verbindung setzen. Selbstverst\u00e4ndlich k\u00f6nnen Sie die Registrierung bzw. Ihr Kundenkonto auch wieder aufl\u00f6sen bzw. l\u00f6schen.<\/span><\/p>\n<hr \/>\n<p><strong><span style=\"font-family: Verdana, sans-serif;\">(Aktuell nicht aktiv) Bezahlsysteme (Art. 6 Abs. 1 lit. a, b EU-DSGVO), Bonit\u00e4tspr\u00fcfung (Art. 6 Abs. 1 lit. f EU-DSGVO)<\/span><\/strong><\/p>\n<p align=\"justify\"><span style=\"font-family: Verdana, sans-serif;\">In unserem Online-Shop k\u00f6nnen Sie auf Rechnung, mit Kreditkarte und per PayPal bezahlen. Hierf\u00fcr werden die jeweiligen zahlungsrelevanten Daten erhoben, um Ihre Bestellung sowie Zahlungsabwicklung durchf\u00fchren zu k\u00f6nnen. Zudem wird aus technischer Notwendigkeit sowie zur rechtlichen Absicherung Ihre IP-Adresse verarbeitet.<\/span><\/p>\n<p align=\"justify\"><span style=\"font-family: Verdana, sans-serif;\">Der Grundsatz der Datensparsamkeit und Datenvermeidung wird beachtet, indem Sie uns nur die Daten angeben m\u00fcssen, die wir zwingend zur Durchf\u00fchrung der Zahlungsabwicklung und damit Abwicklung des Vertrages ben\u00f6tigen oder zu deren Erhebung wir gesetzlich verpflichtet sind.<\/span><\/p>\n<p align=\"justify\"><span style=\"font-family: Verdana, sans-serif;\">Ohne diese Daten werden wir den Abschluss des Vertrages leider ablehnen m\u00fcssen, da wir diesen dann nicht durchf\u00fchren k\u00f6nnen.<\/span><\/p>\n<p align=\"justify\"><span style=\"font-family: Verdana, sans-serif;\">Das von uns eingesetzte Bezahlsystem verwendet eine SSL-Verschl\u00fcsselung zur gesch\u00fctzten \u00dcbertragung Ihrer Daten.<\/span><\/p>\n<hr \/>\n<p align=\"justify\"><strong><span style=\"font-family: Verdana, sans-serif;\">(Aktuell nicht aktiv) Hinweis zur Rechnungszahlung<\/span><\/strong><span style=\"font-family: Verdana, sans-serif;\">: Wenn Sie in unserem Online-Shop die Zahlungsart Rechnung w\u00e4hlen, nehmen wir eine Bonit\u00e4tspr\u00fcfung vor. Hierf\u00fcr werden die bonit\u00e4tsrelevanten Daten an Creditsafe zur Ermittlung von Bonit\u00e4ts- bzw. Ausfallrisiken \u00fcbermittelt.<\/span><\/p>\n<hr \/>\n<p align=\"justify\"><strong><span style=\"font-family: Verdana, sans-serif;\">(Aktuell nicht aktiv) Hinweis zur Kreditkartenzahlung<\/span><\/strong><span style=\"font-family: Verdana, sans-serif;\">: Wie bei Kreditkartenzahlungen \u00fcblich, wird durch unseren Dienstleister Wirecard die Angaben zur Kreditkarte \u00fcberpr\u00fcft sowie eine Bonit\u00e4tspr\u00fcfung durchgef\u00fchrt.<\/span><\/p>\n<hr \/>\n<p align=\"justify\"><strong><span style=\"font-family: Verdana, sans-serif;\">(Aktuell nicht aktiv) Hinweis zu PayPal<\/span><\/strong><span style=\"font-family: Verdana, sans-serif;\">: PayPal ist ein Unternehmen der PayPal (Europe) S.\u00e0 r.l. et Cie, S.C.A. 22-24 Boulevard Royal, L-2449 Luxembourg. W\u00e4hlt die betroffene Person w\u00e4hrend des Bestellvorgangs in unserem Online-Shop als Zahlungsm\u00f6glichkeit \u201ePayPal\u201c aus, werden automatisiert Daten der betroffenen Person an PayPal \u00fcbermittelt.<\/span><\/p>\n<p align=\"justify\"><span style=\"font-family: Verdana, sans-serif;\">Mit der Auswahl dieser Zahlungsoption willigt die betroffene Person in die zur Zahlungsabwicklung erforderliche \u00dcbermittlung personenbezogener Daten ein. Bei den an PayPal \u00fcbermittelten personenbezogenen Daten handelt es sich in der Regel um Vorname, Nachname, Adresse, E-Mail-Adresse, IP-Adresse, Telefonnummer, Mobiltelefonnummer oder andere Daten, die zur Zahlungsabwicklung notwendig sind.<\/span><\/p>\n<p align=\"justify\"><span style=\"font-family: Verdana, sans-serif;\">Zur Abwicklung des Kaufvertrages notwendig sind auch solche personenbezogenen Daten, die im Zusammenhang mit der jeweiligen Bestellung stehen. Details zum Datenschutz bei PayPal k\u00f6nnen abgerufen werden unter: <a href=\"https:\/\/www.paypal.com\/de\/webapps\/mpp\/ua\/privacy-prev\">https:\/\/www.paypal.com\/de\/webapps\/mpp\/ua\/privacy-prev<\/a> (f\u00fcr die Rechtslage ab 25.5.2018).<\/span><\/p>\n<hr \/>\n<p align=\"justify\"><strong><span style=\"font-family: Verdana, sans-serif;\">Hinweis zum Lastschriftverfahren:<\/span><\/strong><span style=\"font-family: Verdana, sans-serif;\"> Wie beim Bankeinzug \u00fcblich, werden Ihre Kontodaten erhoben, um den entsprechenden Betrag von Ihrem Konto abzubuchen.<\/span><\/p>\n<hr \/>\n<p><strong><span style=\"font-family: Verdana, sans-serif;\">Werbezwecke Bestandskunden (Art. 6 Abs. 1 lit. f EU-DSGVO)<\/span><\/strong><\/p>\n<p align=\"justify\"><span style=\"font-family: Verdana, sans-serif;\"><strong>Ullrich-IT-Consult<\/strong> ist daran interessiert, die Kundenbeziehung mit Ihnen zu pflegen und Ihnen Informationen und Angebote \u00fcber unsere Produkte \/ Dienstleistungen zukommen zu lassen. Daher verarbeiten wir Ihre Daten, um Ihnen entsprechende Informationen und Angebote per E-Mail zuzusenden und f\u00fcr Kundenzufriedenheitsbefragungen.<\/span><\/p>\n<p align=\"justify\"><span style=\"font-family: Verdana, sans-serif;\">Wenn Sie dies nicht w\u00fcnschen, k\u00f6nnen Sie jederzeit der Verwendung Ihrer personenbezogenen Daten zum Zwecke der Direktwerbung widersprechen; dies gilt auch f\u00fcr ein Profiling, soweit es mit der Direktwerbung in Verbindung steht. Wenn Sie Widerspruch einlegen, werden wir Ihre Daten f\u00fcr diesen Zweck nicht mehr verarbeiten.<\/span><\/p>\n<p align=\"justify\"><span style=\"font-family: Verdana, sans-serif;\">Der Widerspruch kann ohne Angaben von Gr\u00fcnden kostenlos und formfrei erfolgen und sollte m\u00f6glichst an <\/span><span style=\"font-family: Verdana, sans-serif;\">Telefonnummer <\/span><span style=\"font-family: Verdana, sans-serif;\"><b>+<\/b><\/span><span style=\"font-family: Verdana, sans-serif;\"><b>49 1793666<\/b><\/span><span style=\"font-family: Verdana, sans-serif;\"><b>069<\/b><\/span><span style=\"font-family: Verdana, sans-serif;\">, <\/span><span style=\"font-family: Verdana, sans-serif;\">per E-Mail an <\/span><a href=\"mailto:kontakt@ccpeine.de\"><span style=\"font-family: Verdana, sans-serif;\"><b>kontakt@<\/b><\/span><\/a><a href=\"mailto:kontakt@Ullrich-IT-Consult.comoodert\"><span style=\"font-family: Verdana, sans-serif;\"><b>u<\/b><\/span><\/a><a href=\"mailto:kontakt@ccpeine.de\"><span style=\"font-family: Verdana, sans-serif;\"><b>llrich-<\/b><\/span><\/a><a href=\"mailto:kontakt@Ullrich-IT-Consult.comoodert\"><span style=\"font-family: Verdana, sans-serif;\"><b>it.com<\/b><\/span><\/a><b><\/b> <span style=\"font-family: Verdana, sans-serif;\">bzw. <\/span><a href=\"mailto:hans.ullrich@loop.de\"><span style=\"font-family: Verdana, sans-serif;\"><b>hans.ullrich@loop.de<\/b><\/span><\/a> <span style=\"font-family: Verdana, sans-serif;\">o<\/span><span style=\"font-family: Verdana, sans-serif;\">der auf dem Postweg an \u201e<\/span><span style=\"font-family: Verdana, sans-serif;\"><b>Ullrich-IT-Consult, <\/b><\/span><span style=\"font-family: Verdana, sans-serif;\"><b>M\u00fcnstedter Weg 10, 31246 Oberg<\/b><\/span><span style=\"font-family: Verdana, sans-serif;\">\u201c<\/span><span style=\"font-family: Verdana, sans-serif;\"> gerichtet werden<\/span><\/p>\n<hr \/>\n<p><strong><span style=\"font-family: Verdana, sans-serif;\">(Aktuell nicht aktiv) Bewerberportal (Art. 6 Abs. 1 lit. a, b EU-DSGVO)<\/span><\/strong><\/p>\n<p align=\"justify\"><span style=\"font-family: Verdana, sans-serif;\">Wir freuen uns \u00fcber Ihr Interesse an einer T\u00e4tigkeit bei <strong>Ullrich-IT-Consult<\/strong>. Wir sind uns der Bedeutung Ihrer Daten bewusst und verarbeiten die von Ihnen im Rahmen des Bewerbungsformulars angegebenen personenbezogenen Daten nur zum Zwecke der effektiven und korrekten Abwicklung des Bewerbungsverfahrens und f\u00fcr die Kontaktaufnahmen im Rahmen des Bewerbungsprozesses. Es erfolgt keine Weitergabe der Daten an Dritte ohne Ihre Einwilligung.<\/span><\/p>\n<p align=\"justify\"><span style=\"font-family: Verdana, sans-serif;\">Im Rahmen des Bewerbungsformulars werden Sie um die Angabe pers\u00f6nlicher Daten gebeten. Hierbei beachten wir den Grundsatz der Datensparsamkeit und Datenvermeidung, indem Sie uns nur die Daten angeben m\u00fcssen, die wir zur vollst\u00e4ndigen Pr\u00fcfung Ihrer Bewerbungsunterlagen ben\u00f6tigen wie z.B. Ihren Lebenslauf oder zu deren Erhebung wir gesetzlich verpflichtet sind. Diese Pflichtangaben sind mit einem *(Stern) gekennzeichnet. Aus technischer Notwendigkeit sowie zur rechtlichen Absicherung wird zudem Ihre IP-Adresse verarbeitet.<\/span><\/p>\n<p align=\"justify\"><span style=\"font-family: Verdana, sans-serif;\">Ohne diese Daten k\u00f6nnen wir leider keine Pr\u00fcfung Ihrer Bewerbungsunterlagen vornehmen, daher l\u00e4sst unser Bewerbungssystem in diesem Fall kein Hochladen der Bewerbungsunterlagen zu. Selbstverst\u00e4ndlich haben Sie die M\u00f6glichkeit, freiwillige Angaben im Bewerbungsformular zu machen.<\/span><\/p>\n<p align=\"justify\"><span style=\"font-family: Verdana, sans-serif;\">Um die Sicherheit und Vertraulichkeit Ihrer Daten bestm\u00f6glich zu sch\u00fctzen, setzen wir entsprechende Sicherheitsma\u00dfnahmen um. Ihre Bewerbungsunterlagen werden durch unser Bewerbungssystem verschl\u00fcsselt an uns \u00fcbertragen.<\/span><\/p>\n<p align=\"justify\"><span style=\"font-family: Verdana, sans-serif;\">Wir speichern Ihre Daten zu den oben genannten Zwecken, bis das Bewerbungsverfahren abgeschlossen ist und diesbez\u00fcgliche Fristen abgelaufen sind &#8211; sp\u00e4testens sechs Monate nach Erhalt eines Entscheides. Sie haben aber <\/span><\/p>\n<p align=\"justify\"><span style=\"font-family: Verdana, sans-serif;\">die M\u00f6glichkeit, dass wir Ihre Bewerbungsunterlagen l\u00e4nger speichern und mit anderen Ihrem Profil entsprechenden vakanten Stellen abgleichen.<\/span><\/p>\n<p align=\"justify\"><span style=\"font-family: Verdana, sans-serif;\">Hierf\u00fcr ben\u00f6tigen wir Ihre Einwilligung, die Sie uns durch Anklicken der Checkbox vor Hochladen Ihrer Bewerbungsunterlagen geben k\u00f6nnen. In diesem Fall speichern wir Ihre Daten f\u00fcr 365 Tage. Ihre Einwilligung k\u00f6nnen Sie selbstverst\u00e4ndlich jederzeit ohne Angabe von Gr\u00fcnden mit Wirkung f\u00fcr die Zukunft per E-Mail an <strong>Ullrich-IT-Consult<\/strong> E-Mail: <\/span><a href=\"mailto:kontakt@ccpeine.de\"><span style=\"font-family: Verdana, sans-serif;\">kontakt@ccpeine.de<\/span><\/a><span style=\"font-family: Verdana, sans-serif;\"> sowie <a href=\"mailto:hans.ullrich@loop.de\">hans.ullrich@loop.de<\/a> Weitere Informationen finden Sie in der Datenschutzerkl\u00e4rung im Rahmen des Bewerbungsprozesses.<\/span><\/p>\n<hr \/>\n<p><strong><span style=\"font-family: Verdana, sans-serif;\">(Aktuell nicht aktiv) Cookies (Art. 6 Abs. 1 lit. f EU-DSGVO \/ Art. 6 Abs. 1 lit a EU-DSGVO bei Einwilligung) <\/span><\/strong><\/p>\n<p align=\"justify\"><span style=\"font-family: Verdana, sans-serif;\">Unsere Internetseiten verwenden an mehreren Stellen so genannte Cookies. Sie dienen dazu, unser Angebot nutzerfreundlicher, effektiver und sicherer zu machen. Cookies sind kleine Textdateien, die auf Ihrem Rechner abgelegt werden und die Ihr Browser (lokal auf Ihrer Festplatte) speichert.<\/span><\/p>\n<p align=\"justify\"><span style=\"font-family: Verdana, sans-serif;\">Mittels dieser Cookies ist uns eine Analyse dar\u00fcber m\u00f6glich, wie Nutzer unsere Websites benutzen. So k\u00f6nnen wir die Websiteinhalte den Besucherbed\u00fcrfnissen entsprechend gestalten. Zudem haben wir durch die Cookies die M\u00f6glichkeit, die Effektivit\u00e4t einer bestimmten Anzeige zu messen und ihre Platzierung beispielsweise in Abh\u00e4ngigkeit von den thematischen Nutzerinteressen erfolgen zu lassen.<\/span><\/p>\n<p align=\"justify\"><span style=\"font-family: Verdana, sans-serif;\">Die meisten der von uns verwendeten Cookies sind so genannte \u201eSession-Cookies\u201c. Diese werden nach Ihrem Besuch automatisch gel\u00f6scht. Permanente Cookies werden automatisch von Ihrem Computer gel\u00f6scht, wenn deren Geltungsdauer (im Regelfall sechs Monate) erreicht ist oder Sie diese vor Ablauf der Geltungsdauer selbst l\u00f6schen.<\/span><\/p>\n<p align=\"justify\"><span style=\"font-family: Verdana, sans-serif;\">Die meisten Web-Browser akzeptieren Cookies automatisch. Sie k\u00f6nnen die Einstellungen Ihres Browsers in der Regel aber auch \u00e4ndern, wenn Sie die Informationen lieber nicht versenden m\u00f6chten. Sie k\u00f6nnen die Angebote unserer Internetseite dann trotzdem ohne Einschr\u00e4nkungen nutzen (Ausnahme: Konfiguratoren).<\/span><\/p>\n<p align=\"justify\"><span style=\"font-family: Verdana, sans-serif;\">Cookies werden auf dem Rechner des Nutzers gespeichert und von diesem an unserer Seite \u00fcbermittelt. Daher haben Sie als Nutzer auch die volle Kontrolle \u00fcber die Verwendung von Cookies. Durch eine \u00c4nderung der Einstellungen in Ihrem Internetbrowser k\u00f6nnen Sie die \u00dcbertragung von Cookies deaktivieren oder einschr\u00e4nken. Ferner k\u00f6nnen bereits gesetzte Cookies jederzeit \u00fcber einen Internetbrowser oder andere Softwareprogramme gel\u00f6scht werden. Dies ist in allen g\u00e4ngigen Internetbrowsern m\u00f6glich.<\/span><\/p>\n<p align=\"justify\"><span style=\"font-family: Verdana, sans-serif;\">F\u00fcr Bestellvorg\u00e4nge im Shop sowie f\u00fcr das Einloggen auf dieser Webseite ist ein Sitzungs-Cookie notwendig. Damit kann Ihre Browser-Sitzung tats\u00e4chlich Ihnen zugeordnet werden kann. Wie der Name &#8222;Sitzungs-Cookie&#8220; bereits andeutet, wird dieses Cookie beim Schlie\u00dfen Ihres Browsers gel\u00f6scht. Das reine Betrachten der einzelnen Seiten dieser Webseite ist auch ohne Cookies m\u00f6glich (etwa durch Deaktivieren durch ein entsprechendes Add-On Ihres Browsers).<\/span><\/p>\n<hr \/>\n<p align=\"justify\"><strong><span style=\"font-family: Verdana, sans-serif;\">(Aktuell nicht aktiv) Nutzerprofile \/ Webtracking-Verfahren<\/span><\/strong><u> <\/u><\/p>\n<p align=\"justify\"><span style=\"font-family: Verdana, sans-serif;\">F\u00fcr Werbung, Marktforschung und bedarfsgerechte Gestaltung der Webseite werden auf dieser Webseite &#8211; z.T. mit Hilfe von Dienstleistern &#8211; pseudonyme Nutzungsprofile erstellt. Diese Nutzungsprofile werden (auf dem Webserver) pseudonymisiert, so dass nur anonyme Daten (d.h. keine personenbezogenen oder personenbeziehbaren Daten wie etwa Ihre IP-Adresse) an die Dienstleister gelangen.<\/span><\/p>\n<p align=\"justify\"><span style=\"font-family: Verdana, sans-serif;\">Ihre unter Punkt 1 und 2 genannten personenbezogenen Daten werden mit den Nutzungsprofilen nicht zusammengef\u00fchrt. Das hei\u00dft, Ihr Nutzungsprofil tr\u00e4gt nicht Ihren Namen, und umgekehrt wei\u00df niemand, wie gerade Ihr Nutzungsprofil aussieht.<\/span><\/p>\n<p align=\"justify\"><span style=\"font-family: Verdana, sans-serif;\">Das Webtracking (d.h. das Sammeln der Daten f\u00fcr diese Nutzungsprofile) geschieht mit Hilfe von Nutzungsprofil-Cookies und aktiven Inhalten (sog. Skripten). Mit jenen Cookies kann Sie der Webserver w\u00e4hrend Ihrer Browser-Sitzung und &#8211; sofern das Cookie nicht zwischenzeitlich entfernt wurde &#8211; bei Ihrer n\u00e4chsten Sitzung wiedererkennen.<br \/>\nDer Bildung von Nutzungsprofilen Ihres Surfverhaltens auf dieser Webseite k\u00f6nnen Sie mit dem folgenden Button widersprechen:<\/span><\/p>\n<hr \/>\n<p><strong><span style=\"font-family: Verdana, sans-serif;\">(Aktuell nicht aktiv) <\/span><\/strong><span style=\"font-family: Verdana, sans-serif;\"><b>Widerspruch <\/b><\/span><span style=\"font-family: Verdana, sans-serif;\"><b>Cookies<\/b><\/span><\/p>\n<p align=\"justify\"><span style=\"font-family: Verdana, sans-serif;\">Wenn Sie den Button bet\u00e4tigen, werden keine Nutzungsprofil-Cookies auf Ihrem Rechner abgelegt und die Webtracking-Skripte nicht ausgef\u00fchrt.<\/span><\/p>\n<p align=\"justify\"><span style=\"font-family: Verdana, sans-serif;\">Vielmehr wird dann ein &#8222;No-Tracking-Cookie&#8220; auf Ihrem Rechner hinterlegt. Mit ihm wird Ihr Widerspruch (bei der gegenw\u00e4rtigen und k\u00fcnftigen Browser-Sitzungen) so lange ber\u00fccksichtigt, so lange dieses Cookie existiert.<\/span><\/p>\n<p><span style=\"font-family: Verdana, sans-serif;\">Im Einzelnen sind auf dieser Webseite folgende Webtracker zur Bildung von pseudonymen Nutzungsprofilen im Einsatz (sofern Sie nicht widersprochen haben):<\/span><\/p>\n<p align=\"justify\"><span style=\"font-family: Verdana, sans-serif;\">Im Rahmen der Nutzung dieser Webseiten werden Informationen, die Ihr Browser \u00fcbermittelt, erhoben und ausgewertet. Dies erfolgt durch eine Cookie-Technologie und sogenannte Pixel, die auf jeder Webseite eingebunden sind. Hierbei werden folgende Daten erhoben: Request (Dateiname der angeforderten Datei), Browsertyp\/-version, Browsersprache, verwendetes Betriebssystem, innere Aufl\u00f6sung des Browserfensters, Bildschirmaufl\u00f6sung, Javascriptaktivierung, Java An\/Aus, Cookies An\/Aus, Farbtiefe, Referrer URL, IP-Adresse (wird ausschlie\u00dflich anonymisiert erhoben und direkt nach ihrer Verwendung wieder gel\u00f6scht), Uhrzeit des Zugriffs, Clicks, Bestellwerte, Warenk\u00f6rbe und anonymisierte Formularinhalte (beispielsweise ob eine Telefonnummer angegeben wurde oder nicht).<\/span><\/p>\n<p align=\"justify\"><span style=\"font-family: Verdana, sans-serif;\">Webtrekk verwendet sogenannte Session-Cookies, die gel\u00f6scht werden, wenn Sie Ihre Browsersitzung beenden. Dasselbe gilt f\u00fcr die \u201eLast-Click-Cookies\u201c. Daneben werden \u201eEver-Cookies\u201c gesetzt, deren Laufzeit 6 Monate nicht <\/span><span style=\"font-family: Verdana, sans-serif;\">\u00fcberschreitet und die sp\u00e4testens nach einer definierten Zahl von Nutzungen gel\u00f6scht werden. Eine Zusammenf\u00fchrung der Nutzungsdaten mit anderen Daten \u00fcber den Tr\u00e4ger des Pseudonyms wird nicht vorgenommen. Sie werden gel\u00f6scht, wenn die Speicherung f\u00fcr die Erstellung der Nutzungsanalyse nicht mehr erforderlich ist oder der Nutzer dies verlangt.<\/span><\/p>\n<p align=\"justify\"><span style=\"font-family: Verdana, sans-serif;\">Eine direkte Personenbeziehbarkeit ist zu jeder Zeit ausgeschlossen. Die so gesammelten Daten dienen dazu, anonyme Nutzungsprofile, die die Grundlage f\u00fcr Webstatistiken bilden, zu erstellen. Die mit den Webtrekk-Technologien erhobenen Daten werden ohne die gesondert erteilte Zustimmung des Betroffenen nicht dazu benutzt, den Besucher dieser Webseiten pers\u00f6nlich zu identifizieren und zu keiner Zeit mit personenbezogenen Daten \u00fcber den Tr\u00e4ger des Pseudonyms zusammengef\u00fchrt. Der Datenerhebung und -speicherung durch Webtrekk kann jederzeit mit Wirkung f\u00fcr die Zukunft widersprochen werden. Hierzu rufen Sie bitte folgenden Link auf.<\/span><\/p>\n<hr \/>\n<p><span style=\"font-family: Verdana, sans-serif;\"><b>(Aktuell nicht aktiv) CookieID Disclosure ausgeben und anzeigen lassen.<\/b><\/span><\/p>\n<p align=\"justify\"><span style=\"font-family: Verdana, sans-serif;\">Durch Best\u00e4tigung des Links wird auf Ihrem Datentr\u00e4ger ein sogenannter Opt-Out-Cookie gesetzt. Dieser Cookie hat eine G\u00fcltigkeit von 5 Jahren. Bitte beachten Sie, dass bei einem L\u00f6schen s\u00e4mtlicher Cookies auf Ihrem Rechner auch dieser Opt-Out-Cookie gel\u00f6scht wird, d.h., wenn Sie weiterhin der anonymisierten Datenerhebung durch Webtrekk widersprechen wollen, Sie erneut den Opt-Out-Cookie setzen m\u00fcssen. Der Opt-Out-Cookie ist pro Browser und Rechner gesetzt. Falls Sie unsere Webseiten von zu Hause und der Arbeit oder mit verschiedenen Browsern besuchen, m\u00fcssen Sie in den verschiedenen Browsern bzw. auf den verschiedenen Rechnern den Opt-Out-Cookie aktivieren.<\/span><\/p>\n<hr \/>\n<p><strong><span style=\"font-family: Verdana, sans-serif;\"><b>(Aktuell nicht aktiv) <\/b><\/span><\/strong><strong><span style=\"font-family: Verdana, sans-serif;\">Google AdWords<\/span><\/strong><\/p>\n<p align=\"justify\"><span style=\"font-family: Verdana, sans-serif;\">Wir setzen zur Bewerbung unserer Website ferner das Google Werbetool &#8222;Google-Adwords&#8220; ein. Im Rahmen dessen verwenden wir auf unserer Website den Analysedienst &#8222;Conversion-Tracking&#8220; der Firma Google Inc., 1600 Amphitheatre Parkway, Mountain View, CA 94043 USA, nachfolgend \u201eGoogle\u201c. Sofern Sie \u00fcber eine Google-Anzeige auf unsere Webseite gelangt sind, wird ein Cookie auf Ihrem Rechner abgelegt.<\/span><\/p>\n<p align=\"justify\"><span style=\"font-family: Verdana, sans-serif;\">Cookies sind kleine Textdateien, die Ihr Internet-Browser auf Ihrem Rechner ablegt und speichert. Diese sogenannten Conversion- Cookies verlieren nach 30 Tagen ihre G\u00fcltigkeit und dienen nicht Ihrer pers\u00f6nlichen Identifikation. Besuchen Sie bestimmte Seiten unserer Website und das Cookie ist noch nicht abgelaufen, k\u00f6nnen wir und Google erkennen, dass Sie als Nutzer auf eine unserer bei Google platzierten Anzeigen geklickt haben und zu unserer Seite weitergeleitet wurden.<\/span><\/p>\n<p align=\"justify\"><span style=\"font-family: Verdana, sans-serif;\">Die mit Hilfe der Conversion-Cookies eingeholten Informationen dienen Google dazu, Besuchs-Statistiken f\u00fcr unsere Website zu erstellen. Wir erfahren durch diese Statistik die Gesamtanzahl der Nutzer, die auf unsere Anzeige geklickt haben und zudem welche Seiten unserer Website vom jeweiligen Nutzer im Anschluss aufgerufen wurden. Wir bzw. andere \u00fcber Google-Adwords Werbende erhalten jedoch keinerlei Informationen, mit denen sich Nutzer pers\u00f6nlich identifizieren lassen.<\/span><\/p>\n<p align=\"justify\"><span style=\"font-family: Verdana, sans-serif;\">Sie k\u00f6nnen die Installation der Conversion-Cookies durch eine entsprechende Einstellung Ihres Browsers verhindern, etwa per Browser-Einstellung, die das automatische Setzen von Cookies generell deaktiviert oder speziell nur die Cookies von der Domain &#8222;googleadservices.com\u201c blockiert. Die diesbez\u00fcgliche Datenschutzerkl\u00e4rung von Google erhalten Sie unter nachfolgendem Link: <a href=\"https:\/\/services.google.com\/sitestats\/de.html\" target=\"_blank\" rel=\"noopener noreferrer\">https:\/\/services.google.com\/sitestats\/de.html<\/a>.<\/span><\/p>\n<hr \/>\n<p align=\"justify\"><strong><span style=\"font-family: Verdana, sans-serif;\">(Aktuell nicht aktiv) Social Plugins sozialer Netzwerke <\/span><\/strong><\/p>\n<p align=\"justify\"><span style=\"font-family: Verdana, sans-serif;\">Werbe- und Conversioncookies werden daf\u00fcr eingesetzt, Werbung \u2013auch auf anderen Websites au\u00dferhalb unseres Angebots- f\u00fcr Sie relevanter und auf Ihre Interessen basierend zu gestalten. Dadurch wird u.a. auch verhindert, dass Ihnen dieselben Werbeanzeigen st\u00e4ndig wieder angezeigt werden.<\/span><\/p>\n<p align=\"justify\"><span style=\"font-family: Verdana, sans-serif;\">Mit diesen Cookies k\u00f6nnen wir auch auf Basis anonymisierter und pseudonymer Nutzungsprofile die Effektivit\u00e4t unserer Werbekampagnen messen und nachvollziehen, wie Nutzer mit unseren Werbemitteln interagieren bzw. welche Aktionen die Nutzer nach der Interaktion mit dem jeweiligen Werbemittel ausgef\u00fchrt haben (sogenannte \u201eConversion\u201c):<\/span><\/p>\n<hr \/>\n<p><span style=\"font-family: Verdana, sans-serif;\"><b>(Aktuell nicht aktiv) Nutzung von Facebook<\/b><\/span><\/p>\n<p align=\"justify\"><span style=\"font-family: Verdana, sans-serif;\">Unsere Website nutzt mit Ihrer Einwilligung zur Konversionsmessung das Besucheraktions-Pixel von Facebook, Facebook Inc., 1601 S. California Ave, Palo Alto, CA 94304, USA (\u201cFacebook\u201d). So kann das Verhalten der Seitenbesucher nachverfolgt werden, nachdem diese durch Klick auf eine Facebook-Werbeanzeige auf die Website des Anbieters weitergeleitet wurden.<\/span><\/p>\n<p align=\"justify\"><span style=\"font-family: Verdana, sans-serif;\">Dadurch k\u00f6nnen die Wirksamkeit der Facebook-Werbeanzeigen f\u00fcr statistische und Marktforschungszwecke ausgewertet werden und zuk\u00fcnftige Werbema\u00dfnahmen optimiert werden. Die erhobenen Daten sind f\u00fcr uns als Betreiber dieser Website anonym, wir k\u00f6nnen keine R\u00fcckschl\u00fcsse auf die Identit\u00e4t der Nutzer ziehen. Die Daten werden aber von Facebook gespeichert und verarbeitet, sodass eine Verbindung zum jeweiligen Nutzerprofil m\u00f6glich ist und Facebook die Daten f\u00fcr eigene Werbezwecke, entsprechend der Facebook-Datenverwendungsrichtlinie verwenden kann.<\/span><\/p>\n<p align=\"justify\"><span style=\"font-family: Verdana, sans-serif;\">Dadurch kann Facebook das Schalten von Werbeanzeigen auf Seiten von Facebook sowie au\u00dferhalb von Facebook erm\u00f6glichen. Diese Verwendung der Daten kann von uns als Seitenbetreiber nicht beeinflusst werden. Es kann ferner zu diesen Zwecken ein Cookie auf Ihrem Rechner gespeichert werden. <\/span><\/p>\n<p align=\"justify\"><span style=\"font-family: Verdana, sans-serif;\">In den Datenschutzhinweisen von Facebook finden Sie weitere Hinweise zum Schutz Ihrer Privatsph\u00e4re: <a href=\"https:\/\/www.facebook.com\/about\/privacy\/\">https:\/\/www.facebook.com\/about\/privacy\/<\/a>.<\/span><\/p>\n<p align=\"justify\"><span style=\"font-family: Verdana, sans-serif;\">Sie k\u00f6nnen au\u00dferdem die Remarketing-Funktion \u201cCustom Audiences\u201d im Bereich Einstellungen f\u00fcr Werbeanzeigen unter\u00a0<\/span><\/p>\n<p align=\"justify\"><a href=\"https:\/\/www.facebook.com\/ads\/preferences\/?entry_product=ad_settings_screen\"><span style=\"font-family: Verdana, sans-serif;\">https:\/\/www.facebook.com\/ads\/preferences\/?entry_product=ad_settings_screen<\/span><\/a><\/p>\n<p align=\"justify\"><span style=\"font-family: Verdana, sans-serif;\">deaktivieren. Dazu m\u00fcssen Sie bei Facebook angemeldet sein. Wenn Sie kein Facebook Konto besitzen, k\u00f6nnen Sie nutzungsbasierte Werbung von Facebook auf der Website der European Interactive Digital Advertising Alliance deaktivieren:<\/span><\/p>\n<hr \/>\n<p align=\"justify\"><span style=\"font-family: Verdana, sans-serif;\"><b>(Aktuell nicht aktiv) <\/b><\/span><strong><span style=\"font-family: Verdana, sans-serif;\">Opt-out<\/span><\/strong><\/p>\n<p align=\"justify\"><strong><span style=\"font-family: Verdana, sans-serif;\">(Aktuell nicht aktiv) Nutzung von LinkedIn<\/span><\/strong><\/p>\n<p align=\"justify\"><span style=\"font-family: Verdana, sans-serif;\">Diese Webseite nutzt die Analyse- und Conversion-Tracking-Technologie der LinkedIn Inc. (\u201eLinkedIn\u201c), 2029 Stierlin Ct. Ste. 200 Mountain View, CA 94043, USA. Mit der vorgenannten Technologie von LinkedIn kann Ihnen relevantere, auf Ihren Interessen basierende Werbung angezeigt werden.<\/span><\/p>\n<p align=\"justify\"><span style=\"font-family: Verdana, sans-serif;\">Ferner erhalten wir von LinkedIn aggregierte und anonyme Berichte von Anzeigenaktivit\u00e4ten und Informationen dar\u00fcber wie Sie mit unserer Website interagieren. LinkedIn ist allerdings in der Lage den Besuch unserer Seite Ihrem LinkedIn-Benutzerkonto zuzuordnen.<\/span><\/p>\n<p align=\"justify\"><span style=\"font-family: Verdana, sans-serif;\">Wir haben weder Einfluss auf die Daten, die LinkedIn hierdurch erhebt, noch \u00fcber den Umfang dieser durch LinkedIn erhobenen Daten. Auch haben wir keine Kenntnis vom Inhalt der an LinkedIn \u00fcbermittelten Daten.<\/span><\/p>\n<p align=\"justify\"><span style=\"font-family: Verdana, sans-serif;\">Weitere Informationen zum Datenschutz bei LinkedIn finden Sie hier:<\/span><\/p>\n<p align=\"justify\"><a href=\"https:\/\/www.linkedin.com\/legal\/privacy-policy#choices-oblig\"><span style=\"font-family: Verdana, sans-serif;\">https:\/\/www.linkedin.com\/legal\/privacy-policy#choices-oblig<\/span><\/a><\/p>\n<p align=\"justify\"><span style=\"font-family: Verdana, sans-serif;\">Sie k\u00f6nnen der Analyse Ihres Nutzungsverhaltens durch LinkedIn sowie der Anzeige interessenbasierter Empfehlungen widersprechen (\u201cOpt-Out\u201c); klicken <\/span><\/p>\n<p align=\"left\"><span style=\"font-family: Verdana, sans-serif;\">Sie dazu auf das Feld \u201eAuf LinkedIn ablehnen\u201c (f\u00fcr LinkedIn Mitglieder) oder \u201eAblehnen\u201c (f\u00fcr sonstige Nutzer) unter <a href=\"https:\/\/www.linkedin.com\/psettings\/guest-controls\/retargeting-opt-out\">https:\/\/www.linkedin.com\/psettings\/guest-controls\/retargeting-opt-out<\/a>.<\/span><\/p>\n<hr \/>\n<p align=\"justify\"><strong><span style=\"font-family: Verdana, sans-serif;\">(Aktuell nicht aktiv) Links zu anderen Anbietern<\/span><\/strong><\/p>\n<p align=\"justify\"><span style=\"font-family: Verdana, sans-serif;\">Unsere Webseite enth\u00e4lt &#8211; deutlich erkennbar &#8211; auch Links auf die Internet-Auftritte anderer Unternehmen. Soweit Links zu Webseiten anderer Anbieter vorhanden sind, haben wir auf deren Inhalte keinen Einfluss. Daher kann f\u00fcr diese Inhalte auch keine Gew\u00e4hr und Haftung \u00fcbernommen werden. F\u00fcr die Inhalte dieser Seiten ist stets der jeweilige Anbieter oder Betreiber der Seiten verantwortlich.<\/span><\/p>\n<p align=\"justify\"><span style=\"font-family: Verdana, sans-serif;\">Die verlinkten Seiten wurden zum Zeitpunkt der Verlinkung auf m\u00f6gliche Rechtsverst\u00f6\u00dfe und erkennbare Rechtsverletzungen gepr\u00fcft. Rechtswidrige Inhalte waren zum Zeitpunkt der Verlinkung nicht erkennbar. Eine permanente inhaltliche Kontrolle der verlinkten Seiten ist jedoch ohne konkrete Anhaltspunkte einer Rechtsverletzung nicht zumutbar. Bei Bekanntwerden von Rechtsverletzungen werden derartige Links umgehend entfernt.<\/span><\/p>\n<hr \/>\n<p align=\"justify\"><strong><span style=\"font-family: Verdana, sans-serif;\">Onlineangebote bei Kindern<\/span><\/strong><\/p>\n<p align=\"justify\"><span style=\"font-family: Verdana, sans-serif;\">Personen unter 16 Jahren d\u00fcrfen ohne Zustimmung der Erziehungsberechtigten keine personenbezogenen Daten an uns \u00fcbermitteln bzw. eine Einwilligungserkl\u00e4rung abgeben. Wir m\u00f6chten Eltern und Erziehungsberechtigte dazu auffordern, an den Online-Aktivit\u00e4ten und Interessen ihrer Kinder aktiv teilzunehmen.<\/span><\/p>\n","protected":false},"excerpt":{"rendered":"<p>Letzte \u00c4nderung: 24.09.2024 Ullrich-IT-Consult (im Folgenden mit \u201ewir\u201c bezeichnet) nimmt den Schutz Ihrer pers\u00f6nlichen Daten sehr ernst. Wir verarbeiten Ihre Daten in \u00dcbereinstimmung mit den anwendbaren Rechtsvorschriften zum Schutz personenbezogener Daten, insbesondere der EU Datenschutz-Grundverordnung (EU-DSGVO) und den f\u00fcr uns geltenden landesspezifischen Ausf\u00fchrungsgesetzen. Mithilfe dieser Datenschutzerkl\u00e4rung informieren wir Sie umfassend \u00fcber die Verarbeitung Ihrer personenbezogenen [&hellip;]<\/p>\n","protected":false},"author":1,"featured_media":0,"comment_status":"closed","ping_status":"closed","sticky":false,"template":"","format":"standard","meta":{"footnotes":""},"categories":[1],"tags":[],"class_list":["post-1430","post","type-post","status-publish","format-standard","hentry","category-allgemein"],"_links":{"self":[{"href":"https:\/\/www.ccpeine.de\/index.php?rest_route=\/wp\/v2\/posts\/1430","targetHints":{"allow":["GET"]}}],"collection":[{"href":"https:\/\/www.ccpeine.de\/index.php?rest_route=\/wp\/v2\/posts"}],"about":[{"href":"https:\/\/www.ccpeine.de\/index.php?rest_route=\/wp\/v2\/types\/post"}],"author":[{"embeddable":true,"href":"https:\/\/www.ccpeine.de\/index.php?rest_route=\/wp\/v2\/users\/1"}],"replies":[{"embeddable":true,"href":"https:\/\/www.ccpeine.de\/index.php?rest_route=%2Fwp%2Fv2%2Fcomments&post=1430"}],"version-history":[{"count":0,"href":"https:\/\/www.ccpeine.de\/index.php?rest_route=\/wp\/v2\/posts\/1430\/revisions"}],"wp:attachment":[{"href":"https:\/\/www.ccpeine.de\/index.php?rest_route=%2Fwp%2Fv2%2Fmedia&parent=1430"}],"wp:term":[{"taxonomy":"category","embeddable":true,"href":"https:\/\/www.ccpeine.de\/index.php?rest_route=%2Fwp%2Fv2%2Fcategories&post=1430"},{"taxonomy":"post_tag","embeddable":true,"href":"https:\/\/www.ccpeine.de\/index.php?rest_route=%2Fwp%2Fv2%2Ftags&post=1430"}],"curies":[{"name":"wp","href":"https:\/\/api.w.org\/{rel}","templated":true}]}}